{"id":2825,"date":"2021-12-13T21:51:45","date_gmt":"2021-12-13T20:51:45","guid":{"rendered":"https:\/\/www.lartesana.org\/?p=2825"},"modified":"2021-12-13T21:53:56","modified_gmt":"2021-12-13T20:53:56","slug":"festes-santa-cecilia-2021","status":"publish","type":"post","link":"https:\/\/www.lartesana.org\/es\/festes-santa-cecilia-2021\/","title":{"rendered":"FESTES SANTA CECILIA 2021"},"content":{"rendered":"\n<p>I per fi va arribar. Despres de dos anys, tanquem de nou novembre amb la nostra festa gran, el Concert de Santa Cecilia i la recollida del educandos dels anys 2020 i 2021. Ni m\u00e9s ni menys que 27 nous m\u00fasics que pasen a formar part de les nostres agrupacions Enhorabona a totes les fam\u00edlies i als m\u00fasics . Tamb\u00e9 a la Coral Antonio Claverol, formada per alumnes de l\u2019Escola de M\u00fasica, que van participar tant al concert com a la misa, acompanyats per la Banda i l\u2019Orquestra Simf\u00f2nica, interpretant el nostre Cant a Santa Cecilia.<\/p>\n\n\n\n<figure class=\"wp-block-image size-large is-resized is-style-default\"><img loading=\"lazy\" decoding=\"async\" src=\"http:\/\/www.lartesana.org\/wp-content\/uploads\/2021\/12\/261152601_304741918323116_3718575892102769200_n.jpg\" alt=\"\" class=\"wp-image-2827\" width=\"447\" height=\"251\" srcset=\"https:\/\/www.lartesana.org\/wp-content\/uploads\/2021\/12\/261152601_304741918323116_3718575892102769200_n.jpg 960w, https:\/\/www.lartesana.org\/wp-content\/uploads\/2021\/12\/261152601_304741918323116_3718575892102769200_n-768x432.jpg 768w, https:\/\/www.lartesana.org\/wp-content\/uploads\/2021\/12\/261152601_304741918323116_3718575892102769200_n-239x133.jpg 239w\" sizes=\"(max-width: 447px) 100vw, 447px\" \/><figcaption>EDUCANDOS 2019-2020 I 2020-2021<\/figcaption><\/figure>\n\n\n\n<figure class=\"wp-block-image size-large is-resized is-style-default\"><img loading=\"lazy\" decoding=\"async\" src=\"http:\/\/www.lartesana.org\/wp-content\/uploads\/2021\/12\/261161136_2019651854870752_7032789578073794273_n.jpg\" alt=\"\" class=\"wp-image-2828\" width=\"452\" height=\"339\" srcset=\"https:\/\/www.lartesana.org\/wp-content\/uploads\/2021\/12\/261161136_2019651854870752_7032789578073794273_n.jpg 960w, https:\/\/www.lartesana.org\/wp-content\/uploads\/2021\/12\/261161136_2019651854870752_7032789578073794273_n-768x576.jpg 768w\" sizes=\"(max-width: 452px) 100vw, 452px\" \/><\/figure>\n\n\n\n<figure class=\"wp-block-image size-large is-resized is-style-default\"><img loading=\"lazy\" decoding=\"async\" src=\"http:\/\/www.lartesana.org\/wp-content\/uploads\/2021\/12\/261366072_304742364989738_8776269433943275030_n.jpg\" alt=\"\" class=\"wp-image-2829\" width=\"455\" height=\"239\" srcset=\"https:\/\/www.lartesana.org\/wp-content\/uploads\/2021\/12\/261366072_304742364989738_8776269433943275030_n.jpg 828w, https:\/\/www.lartesana.org\/wp-content\/uploads\/2021\/12\/261366072_304742364989738_8776269433943275030_n-768x404.jpg 768w\" sizes=\"(max-width: 455px) 100vw, 455px\" \/><\/figure>\n\n\n\n<figure class=\"wp-block-image size-large is-resized is-style-default\"><img loading=\"lazy\" decoding=\"async\" src=\"http:\/\/www.lartesana.org\/wp-content\/uploads\/2021\/12\/261285941_304742291656412_2320616683910441437_n.jpg\" alt=\"\" class=\"wp-image-2830\" width=\"457\" height=\"195\" srcset=\"https:\/\/www.lartesana.org\/wp-content\/uploads\/2021\/12\/261285941_304742291656412_2320616683910441437_n.jpg 1496w, https:\/\/www.lartesana.org\/wp-content\/uploads\/2021\/12\/261285941_304742291656412_2320616683910441437_n-1000x428.jpg 1000w, https:\/\/www.lartesana.org\/wp-content\/uploads\/2021\/12\/261285941_304742291656412_2320616683910441437_n-768x329.jpg 768w\" sizes=\"(max-width: 457px) 100vw, 457px\" \/><\/figure>\n\n\n\n<figure class=\"wp-block-image size-large is-resized is-style-default\"><img loading=\"lazy\" decoding=\"async\" src=\"http:\/\/www.lartesana.org\/wp-content\/uploads\/2021\/12\/262363060_304741821656459_7564372726714991405_n.jpg\" alt=\"\" class=\"wp-image-2831\" width=\"461\" height=\"259\" srcset=\"https:\/\/www.lartesana.org\/wp-content\/uploads\/2021\/12\/262363060_304741821656459_7564372726714991405_n.jpg 960w, https:\/\/www.lartesana.org\/wp-content\/uploads\/2021\/12\/262363060_304741821656459_7564372726714991405_n-768x432.jpg 768w, https:\/\/www.lartesana.org\/wp-content\/uploads\/2021\/12\/262363060_304741821656459_7564372726714991405_n-239x133.jpg 239w\" sizes=\"(max-width: 461px) 100vw, 461px\" \/><\/figure>\n\n\n\n<figure class=\"wp-block-image size-large is-resized is-style-default\"><img loading=\"lazy\" decoding=\"async\" src=\"http:\/\/www.lartesana.org\/wp-content\/uploads\/2021\/12\/261216116_304742188323089_1031435138146213756_n.jpg\" alt=\"\" class=\"wp-image-2832\" width=\"464\" height=\"348\" srcset=\"https:\/\/www.lartesana.org\/wp-content\/uploads\/2021\/12\/261216116_304742188323089_1031435138146213756_n.jpg 960w, https:\/\/www.lartesana.org\/wp-content\/uploads\/2021\/12\/261216116_304742188323089_1031435138146213756_n-768x576.jpg 768w\" sizes=\"(max-width: 464px) 100vw, 464px\" \/><\/figure>\n\n\n\n<figure class=\"wp-block-image size-large is-resized is-style-default\"><img loading=\"lazy\" decoding=\"async\" src=\"http:\/\/www.lartesana.org\/wp-content\/uploads\/2021\/12\/261329201_304741901656451_8006169108592285606_n.jpg\" alt=\"\" class=\"wp-image-2833\" width=\"460\" height=\"207\" srcset=\"https:\/\/www.lartesana.org\/wp-content\/uploads\/2021\/12\/261329201_304741901656451_8006169108592285606_n.jpg 1422w, https:\/\/www.lartesana.org\/wp-content\/uploads\/2021\/12\/261329201_304741901656451_8006169108592285606_n-1000x450.jpg 1000w, https:\/\/www.lartesana.org\/wp-content\/uploads\/2021\/12\/261329201_304741901656451_8006169108592285606_n-768x346.jpg 768w\" sizes=\"(max-width: 460px) 100vw, 460px\" \/><figcaption>La coral \u00abAntonio Claverol\u00bb amb el seu Director Visente Almarche<\/figcaption><\/figure>\n\n\n\n<figure class=\"wp-block-image size-large is-resized is-style-default\"><img loading=\"lazy\" decoding=\"async\" src=\"http:\/\/www.lartesana.org\/wp-content\/uploads\/2021\/12\/261506009_2019656671536937_4118330888657730585_n.jpg\" alt=\"\" class=\"wp-image-2835\" width=\"464\" height=\"348\" srcset=\"https:\/\/www.lartesana.org\/wp-content\/uploads\/2021\/12\/261506009_2019656671536937_4118330888657730585_n.jpg 1600w, https:\/\/www.lartesana.org\/wp-content\/uploads\/2021\/12\/261506009_2019656671536937_4118330888657730585_n-1000x750.jpg 1000w, https:\/\/www.lartesana.org\/wp-content\/uploads\/2021\/12\/261506009_2019656671536937_4118330888657730585_n-768x576.jpg 768w, https:\/\/www.lartesana.org\/wp-content\/uploads\/2021\/12\/261506009_2019656671536937_4118330888657730585_n-1536x1152.jpg 1536w\" sizes=\"(max-width: 464px) 100vw, 464px\" \/><\/figure>\n\n\n\n<p><\/p>\n","protected":false},"excerpt":{"rendered":"<p>I per fi va arribar. Despres de dos anys, tanquem de nou novembre amb la nostra festa gran, el Concert de Santa Cecilia i la recollida del educandos dels anys 2020 i 2021. Ni m\u00e9s ni menys que 27 nous m\u00fasics que pasen a formar part de les nostres agrupacions Enhorabona a totes les fam\u00edlies [&hellip;]<\/p>\n","protected":false},"author":3,"featured_media":2826,"comment_status":"open","ping_status":"open","sticky":false,"template":"","format":"standard","meta":{"_et_pb_use_builder":"","_et_pb_old_content":"","_et_gb_content_width":"","footnotes":""},"categories":[7],"tags":[],"class_list":["post-2825","post","type-post","status-publish","format-standard","has-post-thumbnail","hentry","category-societat"],"_links":{"self":[{"href":"https:\/\/www.lartesana.org\/es\/wp-json\/wp\/v2\/posts\/2825","targetHints":{"allow":["GET"]}}],"collection":[{"href":"https:\/\/www.lartesana.org\/es\/wp-json\/wp\/v2\/posts"}],"about":[{"href":"https:\/\/www.lartesana.org\/es\/wp-json\/wp\/v2\/types\/post"}],"author":[{"embeddable":true,"href":"https:\/\/www.lartesana.org\/es\/wp-json\/wp\/v2\/users\/3"}],"replies":[{"embeddable":true,"href":"https:\/\/www.lartesana.org\/es\/wp-json\/wp\/v2\/comments?post=2825"}],"version-history":[{"count":2,"href":"https:\/\/www.lartesana.org\/es\/wp-json\/wp\/v2\/posts\/2825\/revisions"}],"predecessor-version":[{"id":2838,"href":"https:\/\/www.lartesana.org\/es\/wp-json\/wp\/v2\/posts\/2825\/revisions\/2838"}],"wp:featuredmedia":[{"embeddable":true,"href":"https:\/\/www.lartesana.org\/es\/wp-json\/wp\/v2\/media\/2826"}],"wp:attachment":[{"href":"https:\/\/www.lartesana.org\/es\/wp-json\/wp\/v2\/media?parent=2825"}],"wp:term":[{"taxonomy":"category","embeddable":true,"href":"https:\/\/www.lartesana.org\/es\/wp-json\/wp\/v2\/categories?post=2825"},{"taxonomy":"post_tag","embeddable":true,"href":"https:\/\/www.lartesana.org\/es\/wp-json\/wp\/v2\/tags?post=2825"}],"curies":[{"name":"wp","href":"https:\/\/api.w.org\/{rel}","templated":true}]}}