{"id":2798,"date":"2021-11-22T16:26:19","date_gmt":"2021-11-22T15:26:19","guid":{"rendered":"https:\/\/www.lartesana.org\/?p=2798"},"modified":"2021-11-22T17:21:26","modified_gmt":"2021-11-22T16:21:26","slug":"concert-santa-cecilia","status":"publish","type":"post","link":"https:\/\/www.lartesana.org\/es\/concert-santa-cecilia\/","title":{"rendered":"CONCERT SANTA CECILIA"},"content":{"rendered":"\n<p><strong>Dissabte que ve, dia 27 de novembre de 2021, a les 17:30 hores,tendr\u00e1 lloc en la TAC (Teatre Audotori de Catarroja) el concert que la Societat Musical l&#8217;Artesana oferix en ocasi\u00f3 de les festes en honor a Santa Cec\u00edlia 2021. En el concert participar\u00e1n l&#8217;Orquestra Simf\u00f2nica de la nostra societat musical, la  Banda Sinf\u00f3nica; dirigides ambd\u00f3s formacions pel nostre Director Ximo Arias Bot\u00edas;  i la Coral Juvenil \u00abAntonio Claverol\u00bb dirigida per Visente Almarche Pons. En el referit concert seran presentats els nous m\u00fasics que s&#8217;incorporen a les dos formacions musicals. <strong>L&#8217;entrada \u00e9s gratu\u00efta fins a completar aforament<\/strong>.<\/strong><\/p>\n\n\n\n<p><\/p>\n\n\n\n<p><img loading=\"lazy\" decoding=\"async\" width=\"16\" height=\"16\" src=\"https:\/\/static.xx.fbcdn.net\/images\/emoji.php\/v9\/t11\/1\/16\/1f306.png\">\u00a0No et pots perdre aquest concert\u00a0<a href=\"https:\/\/www.facebook.com\/hashtag\/fentartesana?__eep__=6&amp;__cft__[0]=AZUdoQ3DK4hpMpwjB7yOthfVHvsyDOF50FGReCV90zYWMhwDZmoejipfj8Cc7RDmLVqwLN0ovcXJz5qDXnxAl6PM2NRNJ1IwQ1bdfN_-JbrD9zWwmiQfIfdfG9yiMY-lxfpF7aGKp-ggg8BkH6wAqZ9A&amp;__tn__=*NK-R\">#FentArtesana<\/a><img loading=\"lazy\" decoding=\"async\" width=\"16\" height=\"16\" src=\"https:\/\/static.xx.fbcdn.net\/images\/emoji.php\/v9\/t96\/1\/16\/1f49c.png\"><img loading=\"lazy\" decoding=\"async\" width=\"16\" height=\"16\" src=\"https:\/\/static.xx.fbcdn.net\/images\/emoji.php\/v9\/tca\/1\/16\/1f3ba.png\"><img loading=\"lazy\" decoding=\"async\" width=\"16\" height=\"16\" src=\"https:\/\/static.xx.fbcdn.net\/images\/emoji.php\/v9\/t1f\/1\/16\/1f3b6.png\"><img loading=\"lazy\" decoding=\"async\" width=\"16\" height=\"16\" src=\"https:\/\/static.xx.fbcdn.net\/images\/emoji.php\/v9\/ta0\/1\/16\/1f3b7.png\"><img loading=\"lazy\" decoding=\"async\" width=\"16\" height=\"16\" src=\"https:\/\/static.xx.fbcdn.net\/images\/emoji.php\/v9\/t8e\/1\/16\/1f941.png\"><a href=\"https:\/\/www.facebook.com\/hashtag\/culturasegura?__eep__=6&amp;__cft__[0]=AZUdoQ3DK4hpMpwjB7yOthfVHvsyDOF50FGReCV90zYWMhwDZmoejipfj8Cc7RDmLVqwLN0ovcXJz5qDXnxAl6PM2NRNJ1IwQ1bdfN_-JbrD9zWwmiQfIfdfG9yiMY-lxfpF7aGKp-ggg8BkH6wAqZ9A&amp;__tn__=*NK-R\">#CulturaSegura<\/a>Ajuntament de Catarroja.<\/p>\n\n\n\n<p><strong>PRIMERA PART<\/strong> (Orquestra Simf\u00f2nica)<\/p>\n\n\n\n<p>Sabat Mater &#8230;&#8230;&#8230;&#8230;&#8230;&#8230;&#8230;&#8230;. Giovanni Battista Pergolesi<\/p>\n\n\n\n<p>Solistes: Elvira Sala (Soprano) i Angela S\u00e1nchez (Alt)<\/p>\n\n\n\n<p><em>Director Ximo Arias<\/em> <\/p>\n\n\n\n<p><strong>SEGONA PART <\/strong>(Banda Simf\u00f2nica)<\/p>\n\n\n\n<p>La Primitiva (pasdoble) &#8230;&#8230;&#8230;&#8230;&#8230;&#8230;&#8230;&#8230;&#8230;&#8230;. Jeff Penders<\/p>\n\n\n\n<p>IV Moviment Sinfon\u00eda n\u00ba 1 \u00abTit\u00e1n\u00bb &#8230;&#8230;&#8230;&#8230; Gustav Mahler<\/p>\n\n\n\n<p>North Fantasy &#8230;&#8230;&#8230;&#8230;&#8230;&#8230;&#8230;&#8230;&#8230;&#8230;&#8230;&#8230;&#8230;&#8230;&#8230;&#8230;.. Ximo Arias<\/p>\n\n\n\n<p><em>Director Ximo Arias<\/em><\/p>\n\n\n\n<p><strong>CORAL JUVENIL \u00abAntono Claverol\u00bb<\/strong><\/p>\n\n\n\n<p>Cant a Santa Cecilia &#8230;&#8230;&#8230;&#8230;&#8230;. Salvador Chuli\u00e1 i Joaquin Escriv\u00e1<\/p>\n\n\n\n<p><em>Director Visente Almarche<\/em><\/p>\n\n\n\n<figure class=\"wp-block-image size-large is-resized is-style-default\"><img loading=\"lazy\" decoding=\"async\" src=\"http:\/\/www.lartesana.org\/wp-content\/uploads\/2021\/11\/PHOTO-2021-11-18-21-39-47.jpg\" alt=\"\" class=\"wp-image-2799\" width=\"470\" height=\"662\" srcset=\"https:\/\/www.lartesana.org\/wp-content\/uploads\/2021\/11\/PHOTO-2021-11-18-21-39-47.jpg 1078w, https:\/\/www.lartesana.org\/wp-content\/uploads\/2021\/11\/PHOTO-2021-11-18-21-39-47-710x1000.jpg 710w, https:\/\/www.lartesana.org\/wp-content\/uploads\/2021\/11\/PHOTO-2021-11-18-21-39-47-768x1082.jpg 768w\" sizes=\"(max-width: 470px) 100vw, 470px\" \/><\/figure>\n","protected":false},"excerpt":{"rendered":"<p>Dissabte que ve, dia 27 de novembre de 2021, a les 17:30 hores,tendr\u00e1 lloc en la TAC (Teatre Audotori de Catarroja) el concert que la Societat Musical l&#8217;Artesana oferix en ocasi\u00f3 de les festes en honor a Santa Cec\u00edlia 2021. En el concert participar\u00e1n l&#8217;Orquestra Simf\u00f2nica de la nostra societat musical, la Banda Sinf\u00f3nica; dirigides [&hellip;]<\/p>\n","protected":false},"author":3,"featured_media":2799,"comment_status":"open","ping_status":"open","sticky":true,"template":"","format":"standard","meta":{"_et_pb_use_builder":"","_et_pb_old_content":"","_et_gb_content_width":"","footnotes":""},"categories":[9,7],"tags":[],"class_list":["post-2798","post","type-post","status-publish","format-standard","has-post-thumbnail","hentry","category-agrupacions","category-societat"],"_links":{"self":[{"href":"https:\/\/www.lartesana.org\/es\/wp-json\/wp\/v2\/posts\/2798","targetHints":{"allow":["GET"]}}],"collection":[{"href":"https:\/\/www.lartesana.org\/es\/wp-json\/wp\/v2\/posts"}],"about":[{"href":"https:\/\/www.lartesana.org\/es\/wp-json\/wp\/v2\/types\/post"}],"author":[{"embeddable":true,"href":"https:\/\/www.lartesana.org\/es\/wp-json\/wp\/v2\/users\/3"}],"replies":[{"embeddable":true,"href":"https:\/\/www.lartesana.org\/es\/wp-json\/wp\/v2\/comments?post=2798"}],"version-history":[{"count":5,"href":"https:\/\/www.lartesana.org\/es\/wp-json\/wp\/v2\/posts\/2798\/revisions"}],"predecessor-version":[{"id":2807,"href":"https:\/\/www.lartesana.org\/es\/wp-json\/wp\/v2\/posts\/2798\/revisions\/2807"}],"wp:featuredmedia":[{"embeddable":true,"href":"https:\/\/www.lartesana.org\/es\/wp-json\/wp\/v2\/media\/2799"}],"wp:attachment":[{"href":"https:\/\/www.lartesana.org\/es\/wp-json\/wp\/v2\/media?parent=2798"}],"wp:term":[{"taxonomy":"category","embeddable":true,"href":"https:\/\/www.lartesana.org\/es\/wp-json\/wp\/v2\/categories?post=2798"},{"taxonomy":"post_tag","embeddable":true,"href":"https:\/\/www.lartesana.org\/es\/wp-json\/wp\/v2\/tags?post=2798"}],"curies":[{"name":"wp","href":"https:\/\/api.w.org\/{rel}","templated":true}]}}