{"id":2702,"date":"2021-10-06T21:33:15","date_gmt":"2021-10-06T19:33:15","guid":{"rendered":"https:\/\/www.lartesana.org\/?p=2702"},"modified":"2021-10-06T21:45:48","modified_gmt":"2021-10-06T19:45:48","slug":"concert-festes-majors-2021","status":"publish","type":"post","link":"https:\/\/www.lartesana.org\/es\/concert-festes-majors-2021\/","title":{"rendered":"Concierto fiestas 2021"},"content":{"rendered":"\n<p>Os dejamos algunas im\u00e1genes del concierto que, dentro del programa de actos por las fiestas mayores de Catarroja, tuvo lugar el pasado d\u00eda 22 de septiembre de 2021.<\/p>\n\n\n\n<p>Dicho concierto (dedicado a la m\u00fasica festera) estaba organizado por Intercomparsa Catarroja y en el mismo particip\u00f3 nuestra Banda Sinf\u00f3nica junto a la Banda Simf\u00f3nica de la <a href=\"https:\/\/www.facebook.com\/societatuniomusicalcatarroja\/?__cft__[0]=AZVnCBlQC3Gr7vWC_oY6i4KesHhfHCXfLM1TMs0wGemVFuXzPx5BTS9E1m29vA6vcAqQQZa6jXjmcSuatdKM8iPrQUyI5_qho1FlvVPGjqzR3Wqd7SfYZivgXI5fG4OUl6KzQmWrPVG-iBl6ZsxR0uBR&amp;__tn__=kK-R\">Societat Uni\u00f3 Musical de Catarroja<\/a> . <img loading=\"lazy\" decoding=\"async\" src=\"https:\/\/www.facebook.com\/images\/emoji.php\/v9\/t6d\/1\/16\/1f4ef.png\" width=\"16\" height=\"16\"><img loading=\"lazy\" decoding=\"async\" src=\"https:\/\/www.facebook.com\/images\/emoji.php\/v9\/ta0\/1\/16\/1f3b7.png\" width=\"16\" height=\"16\"><img loading=\"lazy\" decoding=\"async\" src=\"https:\/\/www.facebook.com\/images\/emoji.php\/v9\/tca\/1\/16\/1f3ba.png\" width=\"16\" height=\"16\"><\/p>\n\n\n\n<p><a href=\"https:\/\/www.facebook.com\/hashtag\/fentartesana?__eep__=6&amp;__cft__[0]=AZWsUi2qaxeBrWqIB9TDIQLeVB7etvFE7e6_q_lmDRdHnvn5-nAcies-D8cgjdlpZwNI4e0ssQKYPneoYYJ6sY_1g-RT_3fYKjmH6lybTXy2oog_YJl6X9OHrdkORfAYZLnm_ztn_-mTSnjEa-Di2s4N&amp;__tn__=*NK-R\">#FentArtesana<\/a> <img loading=\"lazy\" decoding=\"async\" width=\"16\" height=\"16\" src=\"https:\/\/www.facebook.com\/images\/emoji.php\/v9\/t96\/1\/16\/1f49c.png\" alt=\"?\"> <a href=\"https:\/\/www.facebook.com\/hashtag\/culturasegura?__eep__=6&amp;__cft__[0]=AZWsUi2qaxeBrWqIB9TDIQLeVB7etvFE7e6_q_lmDRdHnvn5-nAcies-D8cgjdlpZwNI4e0ssQKYPneoYYJ6sY_1g-RT_3fYKjmH6lybTXy2oog_YJl6X9OHrdkORfAYZLnm_ztn_-mTSnjEa-Di2s4N&amp;__tn__=*NK-R\">#CulturaSegura<\/a> <img loading=\"lazy\" decoding=\"async\" width=\"16\" height=\"16\" src=\"https:\/\/www.facebook.com\/images\/emoji.php\/v9\/t1f\/1\/16\/1f3b6.png\" alt=\"?\"><\/p>\n\n\n\n<figure class=\"wp-block-image size-large is-resized is-style-default\"><img loading=\"lazy\" decoding=\"async\" src=\"http:\/\/www.lartesana.org\/wp-content\/uploads\/2021\/10\/Director-Ximo-Arias-1.jpg\" alt=\"\" class=\"wp-image-2723\" width=\"376\" height=\"250\" srcset=\"https:\/\/www.lartesana.org\/wp-content\/uploads\/2021\/10\/Director-Ximo-Arias-1.jpg 1740w, https:\/\/www.lartesana.org\/wp-content\/uploads\/2021\/10\/Director-Ximo-Arias-1-1000x667.jpg 1000w, https:\/\/www.lartesana.org\/wp-content\/uploads\/2021\/10\/Director-Ximo-Arias-1-768x512.jpg 768w, https:\/\/www.lartesana.org\/wp-content\/uploads\/2021\/10\/Director-Ximo-Arias-1-1536x1024.jpg 1536w, https:\/\/www.lartesana.org\/wp-content\/uploads\/2021\/10\/Director-Ximo-Arias-1-140x94.jpg 140w\" sizes=\"(max-width: 376px) 100vw, 376px\" \/><\/figure>\n\n\n\n<figure class=\"wp-block-image size-large is-resized is-style-default\"><img loading=\"lazy\" decoding=\"async\" src=\"http:\/\/www.lartesana.org\/wp-content\/uploads\/2021\/10\/242432825_255457933251515_8878756541470954338_n-2.jpg\" alt=\"\" class=\"wp-image-2724\" width=\"380\" height=\"214\" srcset=\"https:\/\/www.lartesana.org\/wp-content\/uploads\/2021\/10\/242432825_255457933251515_8878756541470954338_n-2.jpg 1600w, https:\/\/www.lartesana.org\/wp-content\/uploads\/2021\/10\/242432825_255457933251515_8878756541470954338_n-2-1000x563.jpg 1000w, https:\/\/www.lartesana.org\/wp-content\/uploads\/2021\/10\/242432825_255457933251515_8878756541470954338_n-2-768x432.jpg 768w, https:\/\/www.lartesana.org\/wp-content\/uploads\/2021\/10\/242432825_255457933251515_8878756541470954338_n-2-1536x864.jpg 1536w\" sizes=\"(max-width: 380px) 100vw, 380px\" \/><\/figure>\n\n\n\n<figure class=\"wp-block-gallery columns-3 is-cropped wp-block-gallery-1 is-layout-flex wp-block-gallery-is-layout-flex\"><ul class=\"blocks-gallery-grid\"><li class=\"blocks-gallery-item\"><figure><img loading=\"lazy\" decoding=\"async\" width=\"1740\" height=\"1160\" src=\"http:\/\/www.lartesana.org\/wp-content\/uploads\/2021\/10\/242367273_5020430447973517_1671335410800944114_n-2.jpg\" alt=\"\" data-id=\"2725\" data-full-url=\"http:\/\/www.lartesana.org\/wp-content\/uploads\/2021\/10\/242367273_5020430447973517_1671335410800944114_n-2.jpg\" data-link=\"http:\/\/www.lartesana.org\/concert-festes-majors-2021\/242367273_5020430447973517_1671335410800944114_n-2\/\" class=\"wp-image-2725\" srcset=\"https:\/\/www.lartesana.org\/wp-content\/uploads\/2021\/10\/242367273_5020430447973517_1671335410800944114_n-2.jpg 1740w, https:\/\/www.lartesana.org\/wp-content\/uploads\/2021\/10\/242367273_5020430447973517_1671335410800944114_n-2-1000x667.jpg 1000w, https:\/\/www.lartesana.org\/wp-content\/uploads\/2021\/10\/242367273_5020430447973517_1671335410800944114_n-2-768x512.jpg 768w, https:\/\/www.lartesana.org\/wp-content\/uploads\/2021\/10\/242367273_5020430447973517_1671335410800944114_n-2-1536x1024.jpg 1536w, https:\/\/www.lartesana.org\/wp-content\/uploads\/2021\/10\/242367273_5020430447973517_1671335410800944114_n-2-140x94.jpg 140w\" sizes=\"(max-width: 1740px) 100vw, 1740px\" \/><\/figure><\/li><li class=\"blocks-gallery-item\"><figure><img loading=\"lazy\" decoding=\"async\" width=\"1728\" height=\"1152\" src=\"http:\/\/www.lartesana.org\/wp-content\/uploads\/2021\/10\/242369280_5020433264639902_1416247410970404407_n-2.jpg\" alt=\"\" data-id=\"2726\" data-full-url=\"http:\/\/www.lartesana.org\/wp-content\/uploads\/2021\/10\/242369280_5020433264639902_1416247410970404407_n-2.jpg\" data-link=\"http:\/\/www.lartesana.org\/concert-festes-majors-2021\/242369280_5020433264639902_1416247410970404407_n-2\/\" class=\"wp-image-2726\" srcset=\"https:\/\/www.lartesana.org\/wp-content\/uploads\/2021\/10\/242369280_5020433264639902_1416247410970404407_n-2.jpg 1728w, https:\/\/www.lartesana.org\/wp-content\/uploads\/2021\/10\/242369280_5020433264639902_1416247410970404407_n-2-1000x667.jpg 1000w, https:\/\/www.lartesana.org\/wp-content\/uploads\/2021\/10\/242369280_5020433264639902_1416247410970404407_n-2-768x512.jpg 768w, https:\/\/www.lartesana.org\/wp-content\/uploads\/2021\/10\/242369280_5020433264639902_1416247410970404407_n-2-1536x1024.jpg 1536w, https:\/\/www.lartesana.org\/wp-content\/uploads\/2021\/10\/242369280_5020433264639902_1416247410970404407_n-2-140x94.jpg 140w\" sizes=\"(max-width: 1728px) 100vw, 1728px\" \/><\/figure><\/li><li class=\"blocks-gallery-item\"><figure><img loading=\"lazy\" decoding=\"async\" width=\"1729\" height=\"1153\" src=\"http:\/\/www.lartesana.org\/wp-content\/uploads\/2021\/10\/242388510_5020432917973270_5719556530295952774_n-2.jpg\" alt=\"\" data-id=\"2728\" data-full-url=\"http:\/\/www.lartesana.org\/wp-content\/uploads\/2021\/10\/242388510_5020432917973270_5719556530295952774_n-2.jpg\" data-link=\"http:\/\/www.lartesana.org\/concert-festes-majors-2021\/242388510_5020432917973270_5719556530295952774_n-2\/\" class=\"wp-image-2728\" srcset=\"https:\/\/www.lartesana.org\/wp-content\/uploads\/2021\/10\/242388510_5020432917973270_5719556530295952774_n-2.jpg 1729w, https:\/\/www.lartesana.org\/wp-content\/uploads\/2021\/10\/242388510_5020432917973270_5719556530295952774_n-2-1000x667.jpg 1000w, https:\/\/www.lartesana.org\/wp-content\/uploads\/2021\/10\/242388510_5020432917973270_5719556530295952774_n-2-768x512.jpg 768w, https:\/\/www.lartesana.org\/wp-content\/uploads\/2021\/10\/242388510_5020432917973270_5719556530295952774_n-2-1536x1024.jpg 1536w, https:\/\/www.lartesana.org\/wp-content\/uploads\/2021\/10\/242388510_5020432917973270_5719556530295952774_n-2-140x94.jpg 140w\" sizes=\"(max-width: 1729px) 100vw, 1729px\" \/><\/figure><\/li><li class=\"blocks-gallery-item\"><figure><img loading=\"lazy\" decoding=\"async\" width=\"1740\" height=\"1160\" src=\"http:\/\/www.lartesana.org\/wp-content\/uploads\/2021\/10\/242389250_5020438141306081_4750770151718007355_n-2.jpg\" alt=\"\" data-id=\"2729\" data-full-url=\"http:\/\/www.lartesana.org\/wp-content\/uploads\/2021\/10\/242389250_5020438141306081_4750770151718007355_n-2.jpg\" data-link=\"http:\/\/www.lartesana.org\/concert-festes-majors-2021\/242389250_5020438141306081_4750770151718007355_n-2\/\" class=\"wp-image-2729\" srcset=\"https:\/\/www.lartesana.org\/wp-content\/uploads\/2021\/10\/242389250_5020438141306081_4750770151718007355_n-2.jpg 1740w, https:\/\/www.lartesana.org\/wp-content\/uploads\/2021\/10\/242389250_5020438141306081_4750770151718007355_n-2-1000x667.jpg 1000w, https:\/\/www.lartesana.org\/wp-content\/uploads\/2021\/10\/242389250_5020438141306081_4750770151718007355_n-2-768x512.jpg 768w, https:\/\/www.lartesana.org\/wp-content\/uploads\/2021\/10\/242389250_5020438141306081_4750770151718007355_n-2-1536x1024.jpg 1536w, https:\/\/www.lartesana.org\/wp-content\/uploads\/2021\/10\/242389250_5020438141306081_4750770151718007355_n-2-140x94.jpg 140w\" sizes=\"(max-width: 1740px) 100vw, 1740px\" \/><\/figure><\/li><li class=\"blocks-gallery-item\"><figure><img loading=\"lazy\" decoding=\"async\" width=\"1600\" height=\"900\" src=\"http:\/\/www.lartesana.org\/wp-content\/uploads\/2021\/10\/242432825_255457933251515_8878756541470954338_n-3.jpg\" alt=\"\" data-id=\"2732\" data-full-url=\"http:\/\/www.lartesana.org\/wp-content\/uploads\/2021\/10\/242432825_255457933251515_8878756541470954338_n-3.jpg\" data-link=\"http:\/\/www.lartesana.org\/concert-festes-majors-2021\/242432825_255457933251515_8878756541470954338_n-3\/\" class=\"wp-image-2732\" srcset=\"https:\/\/www.lartesana.org\/wp-content\/uploads\/2021\/10\/242432825_255457933251515_8878756541470954338_n-3.jpg 1600w, https:\/\/www.lartesana.org\/wp-content\/uploads\/2021\/10\/242432825_255457933251515_8878756541470954338_n-3-1000x563.jpg 1000w, https:\/\/www.lartesana.org\/wp-content\/uploads\/2021\/10\/242432825_255457933251515_8878756541470954338_n-3-768x432.jpg 768w, https:\/\/www.lartesana.org\/wp-content\/uploads\/2021\/10\/242432825_255457933251515_8878756541470954338_n-3-1536x864.jpg 1536w, https:\/\/www.lartesana.org\/wp-content\/uploads\/2021\/10\/242432825_255457933251515_8878756541470954338_n-3-239x133.jpg 239w\" sizes=\"(max-width: 1600px) 100vw, 1600px\" \/><\/figure><\/li><\/ul><\/figure>\n","protected":false},"excerpt":{"rendered":"<p>Os dejamos algunas im\u00e1genes del concierto que, dentro del programa de actos por las fiestas mayores de Catarroja, tuvo lugar el pasado d\u00eda 22 de septiembre de 2021. Dicho concierto (dedicado a la m\u00fasica festera) estaba organizado por Intercomparsa Catarroja y en el mismo particip\u00f3 nuestra Banda Sinf\u00f3nica junto a la Banda Simf\u00f3nica de la [&hellip;]<\/p>\n","protected":false},"author":3,"featured_media":2732,"comment_status":"open","ping_status":"open","sticky":true,"template":"","format":"standard","meta":{"_et_pb_use_builder":"","_et_pb_old_content":"","_et_gb_content_width":"","footnotes":""},"categories":[9,10],"tags":[],"class_list":["post-2702","post","type-post","status-publish","format-standard","has-post-thumbnail","hentry","category-agrupacions","category-banda-sinfonica"],"_links":{"self":[{"href":"https:\/\/www.lartesana.org\/es\/wp-json\/wp\/v2\/posts\/2702","targetHints":{"allow":["GET"]}}],"collection":[{"href":"https:\/\/www.lartesana.org\/es\/wp-json\/wp\/v2\/posts"}],"about":[{"href":"https:\/\/www.lartesana.org\/es\/wp-json\/wp\/v2\/types\/post"}],"author":[{"embeddable":true,"href":"https:\/\/www.lartesana.org\/es\/wp-json\/wp\/v2\/users\/3"}],"replies":[{"embeddable":true,"href":"https:\/\/www.lartesana.org\/es\/wp-json\/wp\/v2\/comments?post=2702"}],"version-history":[{"count":4,"href":"https:\/\/www.lartesana.org\/es\/wp-json\/wp\/v2\/posts\/2702\/revisions"}],"predecessor-version":[{"id":2735,"href":"https:\/\/www.lartesana.org\/es\/wp-json\/wp\/v2\/posts\/2702\/revisions\/2735"}],"wp:featuredmedia":[{"embeddable":true,"href":"https:\/\/www.lartesana.org\/es\/wp-json\/wp\/v2\/media\/2732"}],"wp:attachment":[{"href":"https:\/\/www.lartesana.org\/es\/wp-json\/wp\/v2\/media?parent=2702"}],"wp:term":[{"taxonomy":"category","embeddable":true,"href":"https:\/\/www.lartesana.org\/es\/wp-json\/wp\/v2\/categories?post=2702"},{"taxonomy":"post_tag","embeddable":true,"href":"https:\/\/www.lartesana.org\/es\/wp-json\/wp\/v2\/tags?post=2702"}],"curies":[{"name":"wp","href":"https:\/\/api.w.org\/{rel}","templated":true}]}}