{"id":2657,"date":"2021-06-30T14:30:58","date_gmt":"2021-06-30T12:30:58","guid":{"rendered":"https:\/\/www.lartesana.org\/?p=2657"},"modified":"2021-06-30T14:54:06","modified_gmt":"2021-06-30T12:54:06","slug":"concert-de-la-banda-sinfonica-de-lartesana","status":"publish","type":"post","link":"https:\/\/www.lartesana.org\/es\/concert-de-la-banda-sinfonica-de-lartesana\/","title":{"rendered":"Concert de la banda sinf\u00f2nica de l&#8217;Artesana"},"content":{"rendered":"\n<p>\u00abExtraordinari concert de la banda simf\u00f2nica de la Societat Musical l&#8217;Artesana el pasat diumenge d\u00eda 27 de juny. Enmarcat en el programa \u201cexcelente m\u00fasica de banda: ajudes a societats musicals 2021\u201d, de la Conselleria d&#8217;Educaci\u00f3, Cultura i Esport de la Generelitat. Banda simf\u00f2nica va interpretar un magn\u00edfic concert en la pla\u00e7a Major de Catarroja (tot amb les mesures de seguretat imposades per la situaci\u00f3 sanit\u00e0ria actual pel Covid-19) . Per a este concert, el seu director titular Ximo Arias, va triar un repertori molt am\u00e9 que va fer vibrar i disfrutar als assistents a l&#8217;esdeveniment.<\/p>\n\n\n\n<p>Primera part:<\/p>\n\n\n\n<p>CAVALLERS TEMPLARIS, marcha cirstiana de Josep Ros Garc\u00eda<\/p>\n\n\n\n<p>ODA FOR A TRUMPET, de J. Cort\u00e9s y E. Gonzalez<\/p>\n\n\n\n<p>OVERTURE FESTIVE, de Andr\u00e9 Waignien<\/p>\n\n\n\n<p>Segona part<\/p>\n\n\n\n<p>DANZA ORIENTAL, de Jose Manuel Izquierdo<\/p>\n\n\n\n<p>BALADA PARA SAXO Y BANDA, de Alfred Reed<\/p>\n\n\n\n<p>OVERTURE TO A NEW AGE, de Jan de Haan<\/p>\n\n\n\n<p><\/p>\n\n\n\n<figure class=\"wp-block-embed is-type-rich is-provider-embed-handler wp-block-embed-embed-handler\"><div class=\"wp-block-embed__wrapper\">\n<div style=\"width: 640px;\" class=\"wp-video\"><!--[if lt IE 9]><script>document.createElement('video');<\/script><![endif]-->\n<video class=\"wp-video-shortcode\" id=\"video-2657-1\" width=\"640\" height=\"360\" preload=\"metadata\" controls=\"controls\"><source type=\"video\/mp4\" src=\"http:\/\/www.lartesana.org\/wp-content\/uploads\/2021\/06\/TROMPETA.mp4?_=1\" \/><a href=\"http:\/\/www.lartesana.org\/wp-content\/uploads\/2021\/06\/TROMPETA.mp4\">http:\/\/www.lartesana.org\/wp-content\/uploads\/2021\/06\/TROMPETA.mp4<\/a><\/video><\/div>\n<\/div><figcaption>ODE FOR TRUMPET<\/figcaption><\/figure>\n\n\n\n<figure class=\"wp-block-embed is-type-rich is-provider-embed-handler wp-block-embed-embed-handler\"><div class=\"wp-block-embed__wrapper\">\n<div style=\"width: 640px;\" class=\"wp-video\"><video class=\"wp-video-shortcode\" id=\"video-2657-2\" width=\"640\" height=\"360\" preload=\"metadata\" controls=\"controls\"><source type=\"video\/mp4\" src=\"http:\/\/www.lartesana.org\/wp-content\/uploads\/2021\/06\/SAXO-1.mp4?_=2\" \/><a href=\"http:\/\/www.lartesana.org\/wp-content\/uploads\/2021\/06\/SAXO-1.mp4\">http:\/\/www.lartesana.org\/wp-content\/uploads\/2021\/06\/SAXO-1.mp4<\/a><\/video><\/div>\n<\/div><figcaption>Balada para saxo y banda<\/figcaption><\/figure>\n\n\n\n<figure class=\"wp-block-gallery columns-0 is-cropped wp-block-gallery-1 is-layout-flex wp-block-gallery-is-layout-flex\"><ul class=\"blocks-gallery-grid\"><\/ul><\/figure>\n\n\n\n<figure class=\"wp-block-gallery columns-0 is-cropped wp-block-gallery-2 is-layout-flex wp-block-gallery-is-layout-flex\"><ul class=\"blocks-gallery-grid\"><\/ul><\/figure>\n\n\n\n<p>Y ya com bis y fora de programa, la banda va interpretar UN BESO Y UNA FLOR, arreglo realitzat per el director Ximo Arias.<\/p>\n\n\n\n<figure class=\"wp-block-embed is-type-rich is-provider-embed-handler wp-block-embed-embed-handler\"><div class=\"wp-block-embed__wrapper\">\n<div style=\"width: 640px;\" class=\"wp-video\"><video class=\"wp-video-shortcode\" id=\"video-2657-3\" width=\"640\" height=\"360\" preload=\"metadata\" controls=\"controls\"><source type=\"video\/mp4\" src=\"http:\/\/www.lartesana.org\/wp-content\/uploads\/2021\/06\/VIDEO-2021-06-27-20-45-51.mp4?_=3\" \/><a href=\"http:\/\/www.lartesana.org\/wp-content\/uploads\/2021\/06\/VIDEO-2021-06-27-20-45-51.mp4\">http:\/\/www.lartesana.org\/wp-content\/uploads\/2021\/06\/VIDEO-2021-06-27-20-45-51.mp4<\/a><\/video><\/div>\n<\/div><figcaption>Un beso y una flor<\/figcaption><\/figure>\n\n\n\n<figure class=\"wp-block-gallery columns-3 is-cropped wp-block-gallery-3 is-layout-flex wp-block-gallery-is-layout-flex\"><ul class=\"blocks-gallery-grid\"><li class=\"blocks-gallery-item\"><figure><img loading=\"lazy\" decoding=\"async\" width=\"1600\" height=\"900\" src=\"http:\/\/www.lartesana.org\/wp-content\/uploads\/2021\/06\/20210627-bs-PHOTO-2021-06-27-20-45-35.jpg\" alt=\"\" data-id=\"2658\" data-full-url=\"http:\/\/www.lartesana.org\/wp-content\/uploads\/2021\/06\/20210627-bs-PHOTO-2021-06-27-20-45-35.jpg\" data-link=\"http:\/\/www.lartesana.org\/?attachment_id=2658\" class=\"wp-image-2658\" srcset=\"https:\/\/www.lartesana.org\/wp-content\/uploads\/2021\/06\/20210627-bs-PHOTO-2021-06-27-20-45-35.jpg 1600w, https:\/\/www.lartesana.org\/wp-content\/uploads\/2021\/06\/20210627-bs-PHOTO-2021-06-27-20-45-35-1000x563.jpg 1000w, https:\/\/www.lartesana.org\/wp-content\/uploads\/2021\/06\/20210627-bs-PHOTO-2021-06-27-20-45-35-768x432.jpg 768w, https:\/\/www.lartesana.org\/wp-content\/uploads\/2021\/06\/20210627-bs-PHOTO-2021-06-27-20-45-35-1536x864.jpg 1536w, https:\/\/www.lartesana.org\/wp-content\/uploads\/2021\/06\/20210627-bs-PHOTO-2021-06-27-20-45-35-239x133.jpg 239w\" sizes=\"(max-width: 1600px) 100vw, 1600px\" \/><\/figure><\/li><li class=\"blocks-gallery-item\"><figure><img loading=\"lazy\" decoding=\"async\" width=\"1600\" height=\"900\" src=\"http:\/\/www.lartesana.org\/wp-content\/uploads\/2021\/06\/20210627-bs-PHOTO-2021-06-27-20-45-35-01.jpg\" alt=\"\" data-id=\"2659\" data-full-url=\"http:\/\/www.lartesana.org\/wp-content\/uploads\/2021\/06\/20210627-bs-PHOTO-2021-06-27-20-45-35-01.jpg\" data-link=\"http:\/\/www.lartesana.org\/?attachment_id=2659\" class=\"wp-image-2659\" srcset=\"https:\/\/www.lartesana.org\/wp-content\/uploads\/2021\/06\/20210627-bs-PHOTO-2021-06-27-20-45-35-01.jpg 1600w, https:\/\/www.lartesana.org\/wp-content\/uploads\/2021\/06\/20210627-bs-PHOTO-2021-06-27-20-45-35-01-1000x563.jpg 1000w, https:\/\/www.lartesana.org\/wp-content\/uploads\/2021\/06\/20210627-bs-PHOTO-2021-06-27-20-45-35-01-768x432.jpg 768w, https:\/\/www.lartesana.org\/wp-content\/uploads\/2021\/06\/20210627-bs-PHOTO-2021-06-27-20-45-35-01-1536x864.jpg 1536w, https:\/\/www.lartesana.org\/wp-content\/uploads\/2021\/06\/20210627-bs-PHOTO-2021-06-27-20-45-35-01-239x133.jpg 239w\" sizes=\"(max-width: 1600px) 100vw, 1600px\" \/><\/figure><\/li><li class=\"blocks-gallery-item\"><figure><img loading=\"lazy\" decoding=\"async\" width=\"1600\" height=\"900\" src=\"http:\/\/www.lartesana.org\/wp-content\/uploads\/2021\/06\/20210627-bs-PHOTO-2021-06-27-20-45-36.jpg\" alt=\"\" data-id=\"2660\" data-full-url=\"http:\/\/www.lartesana.org\/wp-content\/uploads\/2021\/06\/20210627-bs-PHOTO-2021-06-27-20-45-36.jpg\" data-link=\"http:\/\/www.lartesana.org\/?attachment_id=2660\" class=\"wp-image-2660\" srcset=\"https:\/\/www.lartesana.org\/wp-content\/uploads\/2021\/06\/20210627-bs-PHOTO-2021-06-27-20-45-36.jpg 1600w, https:\/\/www.lartesana.org\/wp-content\/uploads\/2021\/06\/20210627-bs-PHOTO-2021-06-27-20-45-36-1000x563.jpg 1000w, https:\/\/www.lartesana.org\/wp-content\/uploads\/2021\/06\/20210627-bs-PHOTO-2021-06-27-20-45-36-768x432.jpg 768w, https:\/\/www.lartesana.org\/wp-content\/uploads\/2021\/06\/20210627-bs-PHOTO-2021-06-27-20-45-36-1536x864.jpg 1536w, https:\/\/www.lartesana.org\/wp-content\/uploads\/2021\/06\/20210627-bs-PHOTO-2021-06-27-20-45-36-239x133.jpg 239w\" sizes=\"(max-width: 1600px) 100vw, 1600px\" \/><\/figure><\/li><li class=\"blocks-gallery-item\"><figure><img loading=\"lazy\" decoding=\"async\" width=\"1600\" height=\"900\" src=\"http:\/\/www.lartesana.org\/wp-content\/uploads\/2021\/06\/20210627-bs-PHOTO-2021-06-27-20-45-38.jpg\" alt=\"\" data-id=\"2661\" data-full-url=\"http:\/\/www.lartesana.org\/wp-content\/uploads\/2021\/06\/20210627-bs-PHOTO-2021-06-27-20-45-38.jpg\" data-link=\"http:\/\/www.lartesana.org\/?attachment_id=2661\" class=\"wp-image-2661\" srcset=\"https:\/\/www.lartesana.org\/wp-content\/uploads\/2021\/06\/20210627-bs-PHOTO-2021-06-27-20-45-38.jpg 1600w, https:\/\/www.lartesana.org\/wp-content\/uploads\/2021\/06\/20210627-bs-PHOTO-2021-06-27-20-45-38-1000x563.jpg 1000w, https:\/\/www.lartesana.org\/wp-content\/uploads\/2021\/06\/20210627-bs-PHOTO-2021-06-27-20-45-38-768x432.jpg 768w, https:\/\/www.lartesana.org\/wp-content\/uploads\/2021\/06\/20210627-bs-PHOTO-2021-06-27-20-45-38-1536x864.jpg 1536w, https:\/\/www.lartesana.org\/wp-content\/uploads\/2021\/06\/20210627-bs-PHOTO-2021-06-27-20-45-38-239x133.jpg 239w\" sizes=\"(max-width: 1600px) 100vw, 1600px\" \/><\/figure><\/li><\/ul><\/figure>\n\n\n\n<figure class=\"wp-block-gallery columns-0 is-cropped wp-block-gallery-4 is-layout-flex wp-block-gallery-is-layout-flex\"><ul class=\"blocks-gallery-grid\"><\/ul><\/figure>\n","protected":false},"excerpt":{"rendered":"<p>\u00abExtraordinari concert de la banda simf\u00f2nica de la Societat Musical l&#8217;Artesana el pasat diumenge d\u00eda 27 de juny. Enmarcat en el programa \u201cexcelente m\u00fasica de banda: ajudes a societats musicals 2021\u201d, de la Conselleria d&#8217;Educaci\u00f3, Cultura i Esport de la Generelitat. Banda simf\u00f2nica va interpretar un magn\u00edfic concert en la pla\u00e7a Major de Catarroja (tot [&hellip;]<\/p>\n","protected":false},"author":3,"featured_media":2660,"comment_status":"open","ping_status":"open","sticky":false,"template":"","format":"standard","meta":{"_et_pb_use_builder":"","_et_pb_old_content":"","_et_gb_content_width":"","footnotes":""},"categories":[9,10],"tags":[],"class_list":["post-2657","post","type-post","status-publish","format-standard","has-post-thumbnail","hentry","category-agrupacions","category-banda-sinfonica"],"_links":{"self":[{"href":"https:\/\/www.lartesana.org\/es\/wp-json\/wp\/v2\/posts\/2657","targetHints":{"allow":["GET"]}}],"collection":[{"href":"https:\/\/www.lartesana.org\/es\/wp-json\/wp\/v2\/posts"}],"about":[{"href":"https:\/\/www.lartesana.org\/es\/wp-json\/wp\/v2\/types\/post"}],"author":[{"embeddable":true,"href":"https:\/\/www.lartesana.org\/es\/wp-json\/wp\/v2\/users\/3"}],"replies":[{"embeddable":true,"href":"https:\/\/www.lartesana.org\/es\/wp-json\/wp\/v2\/comments?post=2657"}],"version-history":[{"count":3,"href":"https:\/\/www.lartesana.org\/es\/wp-json\/wp\/v2\/posts\/2657\/revisions"}],"predecessor-version":[{"id":2669,"href":"https:\/\/www.lartesana.org\/es\/wp-json\/wp\/v2\/posts\/2657\/revisions\/2669"}],"wp:featuredmedia":[{"embeddable":true,"href":"https:\/\/www.lartesana.org\/es\/wp-json\/wp\/v2\/media\/2660"}],"wp:attachment":[{"href":"https:\/\/www.lartesana.org\/es\/wp-json\/wp\/v2\/media?parent=2657"}],"wp:term":[{"taxonomy":"category","embeddable":true,"href":"https:\/\/www.lartesana.org\/es\/wp-json\/wp\/v2\/categories?post=2657"},{"taxonomy":"post_tag","embeddable":true,"href":"https:\/\/www.lartesana.org\/es\/wp-json\/wp\/v2\/tags?post=2657"}],"curies":[{"name":"wp","href":"https:\/\/api.w.org\/{rel}","templated":true}]}}