{"id":2623,"date":"2021-06-12T18:58:00","date_gmt":"2021-06-12T16:58:00","guid":{"rendered":"https:\/\/www.lartesana.org\/?p=2623"},"modified":"2021-06-12T20:14:49","modified_gmt":"2021-06-12T18:14:49","slug":"assajos-a-la-plaza-maajor","status":"publish","type":"post","link":"https:\/\/www.lartesana.org\/es\/assajos-a-la-plaza-maajor\/","title":{"rendered":"Assajos a la plaza Major"},"content":{"rendered":"\n<p><img loading=\"lazy\" decoding=\"async\" height=\"16\" width=\"16\" alt=\"&#x1f306;\" src=\"https:\/\/static.xx.fbcdn.net\/images\/emoji.php\/v9\/t11\/1\/16\/1f306.png\"><img loading=\"lazy\" decoding=\"async\" height=\"16\" width=\"16\" alt=\"&#x1f3b5;\" src=\"https:\/\/static.xx.fbcdn.net\/images\/emoji.php\/v9\/t9e\/1\/16\/1f3b5.png\"> Des d&#8217;anit, i els pr\u00f2xims divendres fins al concert, la Banda Simf\u00f2nica far\u00e0 els seus assajos de 22 a 23.30 a la pla\u00e7a Major.<\/p>\n\n\n\n<p><img loading=\"lazy\" decoding=\"async\" height=\"16\" width=\"16\" alt=\"&#x1f440;\" src=\"https:\/\/static.xx.fbcdn.net\/images\/emoji.php\/v9\/tc8\/1\/16\/1f440.png\"> Si teniu curiositat per saber com \u00e9s el \u00abmaking of\u00bb dels nostres concerts i veure una mostra del treball que realitzen dia a dia els m\u00fasics i el director, apropeu-vos i seguim <a href=\"https:\/\/www.facebook.com\/hashtag\/fentartesana?__eep__=6&amp;__cft__[0]=AZUdoQ3DK4hpMpwjB7yOthfVHvsyDOF50FGReCV90zYWMhwDZmoejipfj8Cc7RDmLVqwLN0ovcXJz5qDXnxAl6PM2NRNJ1IwQ1bdfN_-JbrD9zWwmiQfIfdfG9yiMY-lxfpF7aGKp-ggg8BkH6wAqZ9A&amp;__tn__=*NK-R\">#FentArtesana<\/a><img loading=\"lazy\" decoding=\"async\" height=\"16\" width=\"16\" alt=\"&#x1f49c;\" src=\"https:\/\/static.xx.fbcdn.net\/images\/emoji.php\/v9\/t96\/1\/16\/1f49c.png\"><img loading=\"lazy\" decoding=\"async\" height=\"16\" width=\"16\" alt=\"&#x1f3ba;\" src=\"https:\/\/static.xx.fbcdn.net\/images\/emoji.php\/v9\/tca\/1\/16\/1f3ba.png\"><img loading=\"lazy\" decoding=\"async\" height=\"16\" width=\"16\" alt=\"&#x1f3b6;\" src=\"https:\/\/static.xx.fbcdn.net\/images\/emoji.php\/v9\/t1f\/1\/16\/1f3b6.png\"><img loading=\"lazy\" decoding=\"async\" height=\"16\" width=\"16\" alt=\"&#x1f3b7;\" src=\"https:\/\/static.xx.fbcdn.net\/images\/emoji.php\/v9\/ta0\/1\/16\/1f3b7.png\"><img loading=\"lazy\" decoding=\"async\" height=\"16\" width=\"16\" alt=\"&#x1f941;\" src=\"https:\/\/static.xx.fbcdn.net\/images\/emoji.php\/v9\/t8e\/1\/16\/1f941.png\"><a href=\"https:\/\/www.facebook.com\/hashtag\/culturasegura?__eep__=6&amp;__cft__[0]=AZUdoQ3DK4hpMpwjB7yOthfVHvsyDOF50FGReCV90zYWMhwDZmoejipfj8Cc7RDmLVqwLN0ovcXJz5qDXnxAl6PM2NRNJ1IwQ1bdfN_-JbrD9zWwmiQfIfdfG9yiMY-lxfpF7aGKp-ggg8BkH6wAqZ9A&amp;__tn__=*NK-R\">#CulturaSegura<\/a>Ajuntament de Catarroja<\/p>\n\n\n\n<figure class=\"wp-block-gallery columns-1 is-cropped wp-block-gallery-1 is-layout-flex wp-block-gallery-is-layout-flex\"><ul class=\"blocks-gallery-grid\"><li class=\"blocks-gallery-item\"><figure><img loading=\"lazy\" decoding=\"async\" width=\"1600\" height=\"900\" src=\"http:\/\/www.lartesana.org\/wp-content\/uploads\/2021\/06\/131354656_180989350698374_518297327177576704_n-1.jpg\" alt=\"\" data-id=\"2624\" data-full-url=\"http:\/\/www.lartesana.org\/wp-content\/uploads\/2021\/06\/131354656_180989350698374_518297327177576704_n-1.jpg\" data-link=\"http:\/\/www.lartesana.org\/?attachment_id=2624\" class=\"wp-image-2624\" srcset=\"https:\/\/www.lartesana.org\/wp-content\/uploads\/2021\/06\/131354656_180989350698374_518297327177576704_n-1.jpg 1600w, https:\/\/www.lartesana.org\/wp-content\/uploads\/2021\/06\/131354656_180989350698374_518297327177576704_n-1-1000x563.jpg 1000w, https:\/\/www.lartesana.org\/wp-content\/uploads\/2021\/06\/131354656_180989350698374_518297327177576704_n-1-768x432.jpg 768w, https:\/\/www.lartesana.org\/wp-content\/uploads\/2021\/06\/131354656_180989350698374_518297327177576704_n-1-1536x864.jpg 1536w, https:\/\/www.lartesana.org\/wp-content\/uploads\/2021\/06\/131354656_180989350698374_518297327177576704_n-1-239x133.jpg 239w\" sizes=\"(max-width: 1600px) 100vw, 1600px\" \/><\/figure><\/li><\/ul><\/figure>\n\n\n\n<figure class=\"wp-block-image size-large is-resized is-style-rounded\"><img loading=\"lazy\" decoding=\"async\" src=\"http:\/\/www.lartesana.org\/wp-content\/uploads\/2021\/06\/198966941_180989610698348_3045764199313027728_n.jpg\" alt=\"\" class=\"wp-image-2629\" width=\"419\" height=\"314\" srcset=\"https:\/\/www.lartesana.org\/wp-content\/uploads\/2021\/06\/198966941_180989610698348_3045764199313027728_n.jpg 2000w, https:\/\/www.lartesana.org\/wp-content\/uploads\/2021\/06\/198966941_180989610698348_3045764199313027728_n-1000x750.jpg 1000w, https:\/\/www.lartesana.org\/wp-content\/uploads\/2021\/06\/198966941_180989610698348_3045764199313027728_n-768x576.jpg 768w, https:\/\/www.lartesana.org\/wp-content\/uploads\/2021\/06\/198966941_180989610698348_3045764199313027728_n-1536x1152.jpg 1536w\" sizes=\"(max-width: 419px) 100vw, 419px\" \/><\/figure>\n\n\n\n<figure class=\"wp-block-image size-large is-resized is-style-default\"><img loading=\"lazy\" decoding=\"async\" src=\"http:\/\/www.lartesana.org\/wp-content\/uploads\/2021\/06\/198826753_180989664031676_4599135204534111057_n.jpg\" alt=\"\" class=\"wp-image-2628\" width=\"416\" height=\"312\" srcset=\"https:\/\/www.lartesana.org\/wp-content\/uploads\/2021\/06\/198826753_180989664031676_4599135204534111057_n.jpg 2000w, https:\/\/www.lartesana.org\/wp-content\/uploads\/2021\/06\/198826753_180989664031676_4599135204534111057_n-1000x750.jpg 1000w, https:\/\/www.lartesana.org\/wp-content\/uploads\/2021\/06\/198826753_180989664031676_4599135204534111057_n-768x576.jpg 768w, https:\/\/www.lartesana.org\/wp-content\/uploads\/2021\/06\/198826753_180989664031676_4599135204534111057_n-1536x1152.jpg 1536w\" sizes=\"(max-width: 416px) 100vw, 416px\" \/><\/figure>\n\n\n\n<figure class=\"wp-block-image size-large is-resized is-style-rounded\"><img loading=\"lazy\" decoding=\"async\" src=\"http:\/\/www.lartesana.org\/wp-content\/uploads\/2021\/06\/198742172_180989520698357_9045902798791786151_n.jpg\" alt=\"\" class=\"wp-image-2627\" width=\"415\" height=\"311\" srcset=\"https:\/\/www.lartesana.org\/wp-content\/uploads\/2021\/06\/198742172_180989520698357_9045902798791786151_n.jpg 2000w, https:\/\/www.lartesana.org\/wp-content\/uploads\/2021\/06\/198742172_180989520698357_9045902798791786151_n-1000x750.jpg 1000w, https:\/\/www.lartesana.org\/wp-content\/uploads\/2021\/06\/198742172_180989520698357_9045902798791786151_n-768x576.jpg 768w, https:\/\/www.lartesana.org\/wp-content\/uploads\/2021\/06\/198742172_180989520698357_9045902798791786151_n-1536x1152.jpg 1536w\" sizes=\"(max-width: 415px) 100vw, 415px\" \/><\/figure>\n\n\n\n<figure class=\"wp-block-image size-large is-resized is-style-default\"><img loading=\"lazy\" decoding=\"async\" src=\"http:\/\/www.lartesana.org\/wp-content\/uploads\/2021\/06\/131354656_180989350698374_518297327177576704_n-1.jpg\" alt=\"\" class=\"wp-image-2624\" width=\"413\" height=\"232\" srcset=\"https:\/\/www.lartesana.org\/wp-content\/uploads\/2021\/06\/131354656_180989350698374_518297327177576704_n-1.jpg 1600w, https:\/\/www.lartesana.org\/wp-content\/uploads\/2021\/06\/131354656_180989350698374_518297327177576704_n-1-1000x563.jpg 1000w, https:\/\/www.lartesana.org\/wp-content\/uploads\/2021\/06\/131354656_180989350698374_518297327177576704_n-1-768x432.jpg 768w, https:\/\/www.lartesana.org\/wp-content\/uploads\/2021\/06\/131354656_180989350698374_518297327177576704_n-1-1536x864.jpg 1536w, https:\/\/www.lartesana.org\/wp-content\/uploads\/2021\/06\/131354656_180989350698374_518297327177576704_n-1-239x133.jpg 239w\" sizes=\"(max-width: 413px) 100vw, 413px\" \/><\/figure>\n","protected":false},"excerpt":{"rendered":"<p>Des d&#8217;anit, i els pr\u00f2xims divendres fins al concert, la Banda Simf\u00f2nica far\u00e0 els seus assajos de 22 a 23.30 a la pla\u00e7a Major. Si teniu curiositat per saber com \u00e9s el \u00abmaking of\u00bb dels nostres concerts i veure una mostra del treball que realitzen dia a dia els m\u00fasics i el director, apropeu-vos i [&hellip;]<\/p>\n","protected":false},"author":3,"featured_media":2642,"comment_status":"open","ping_status":"open","sticky":false,"template":"","format":"standard","meta":{"_et_pb_use_builder":"","_et_pb_old_content":"","_et_gb_content_width":"","footnotes":""},"categories":[9,10],"tags":[],"class_list":["post-2623","post","type-post","status-publish","format-standard","has-post-thumbnail","hentry","category-agrupacions","category-banda-sinfonica"],"_links":{"self":[{"href":"https:\/\/www.lartesana.org\/es\/wp-json\/wp\/v2\/posts\/2623","targetHints":{"allow":["GET"]}}],"collection":[{"href":"https:\/\/www.lartesana.org\/es\/wp-json\/wp\/v2\/posts"}],"about":[{"href":"https:\/\/www.lartesana.org\/es\/wp-json\/wp\/v2\/types\/post"}],"author":[{"embeddable":true,"href":"https:\/\/www.lartesana.org\/es\/wp-json\/wp\/v2\/users\/3"}],"replies":[{"embeddable":true,"href":"https:\/\/www.lartesana.org\/es\/wp-json\/wp\/v2\/comments?post=2623"}],"version-history":[{"count":4,"href":"https:\/\/www.lartesana.org\/es\/wp-json\/wp\/v2\/posts\/2623\/revisions"}],"predecessor-version":[{"id":2641,"href":"https:\/\/www.lartesana.org\/es\/wp-json\/wp\/v2\/posts\/2623\/revisions\/2641"}],"wp:featuredmedia":[{"embeddable":true,"href":"https:\/\/www.lartesana.org\/es\/wp-json\/wp\/v2\/media\/2642"}],"wp:attachment":[{"href":"https:\/\/www.lartesana.org\/es\/wp-json\/wp\/v2\/media?parent=2623"}],"wp:term":[{"taxonomy":"category","embeddable":true,"href":"https:\/\/www.lartesana.org\/es\/wp-json\/wp\/v2\/categories?post=2623"},{"taxonomy":"post_tag","embeddable":true,"href":"https:\/\/www.lartesana.org\/es\/wp-json\/wp\/v2\/tags?post=2623"}],"curies":[{"name":"wp","href":"https:\/\/api.w.org\/{rel}","templated":true}]}}