{"id":2616,"date":"2021-06-08T15:07:49","date_gmt":"2021-06-08T13:07:49","guid":{"rendered":"https:\/\/www.lartesana.org\/?p=2616"},"modified":"2021-06-12T20:00:24","modified_gmt":"2021-06-12T18:00:24","slug":"concierto-banda-sinfonica-de-lartesana","status":"publish","type":"post","link":"https:\/\/www.lartesana.org\/es\/concierto-banda-sinfonica-de-lartesana\/","title":{"rendered":"Concierto Banda Sinf\u00f3nica de l&#8217;Artesana"},"content":{"rendered":"\n<p>Ens complau comunicar-vos que diumenge, dia 27 de juny, a les 19 hores, la Banda Simf\u00f2nica de la S. M. l&#8217;Artesana oferir\u00e0 un magn\u00edfic concert en la pla\u00e7a Major de Catarroja. El dit concert est\u00e0 emmarcat en el programa <em>\u00abexcel-lent, m\u00fasica de banda: ajudes a societats musicals  2021\u00bb<\/em>, de la Conseller\u00eda d&#8217;Educaci\u00f3, Cultura i Esport.<\/p>\n\n\n\n<p>Entrada lliure amb places llimitades. Reserva de localitats a Secretar\u00eda fins a completar aforament. Horari d&#8217;atenci\u00f3 al p\u00fablic de dilluns a divendres, de 17:30 h a 20:30 h. tel\u00e9fon 961840309<\/p>\n\n\n\n<p>Vos esperem!!!!! <\/p>\n\n\n\n<h3 class=\"wp-block-heading\">#FentArtesana #CulturaSegura<\/h3>\n\n\n\n<h3 class=\"wp-block-heading\">Ajuntament de Catarroja-Institut Valenci\u00e0 de Cultura GVA-FSMCV<\/h3>\n\n\n\n<figure class=\"wp-block-image size-large is-resized is-style-default\"><img loading=\"lazy\" decoding=\"async\" src=\"http:\/\/www.lartesana.org\/wp-content\/uploads\/2021\/06\/concert-b-s.jpg\" alt=\"\" class=\"wp-image-2605\" width=\"477\" height=\"675\" srcset=\"https:\/\/www.lartesana.org\/wp-content\/uploads\/2021\/06\/concert-b-s.jpg 1240w, https:\/\/www.lartesana.org\/wp-content\/uploads\/2021\/06\/concert-b-s-707x1000.jpg 707w, https:\/\/www.lartesana.org\/wp-content\/uploads\/2021\/06\/concert-b-s-768x1087.jpg 768w, https:\/\/www.lartesana.org\/wp-content\/uploads\/2021\/06\/concert-b-s-1085x1536.jpg 1085w\" sizes=\"(max-width: 477px) 100vw, 477px\" \/><\/figure>\n\n\n\n<p><\/p>\n","protected":false},"excerpt":{"rendered":"<p>Concert d&#8217;estiu de la Banda Simf\u00f2nica de la S.M. l&#8217;Artesana<\/p>\n","protected":false},"author":3,"featured_media":2605,"comment_status":"open","ping_status":"open","sticky":false,"template":"","format":"standard","meta":{"_et_pb_use_builder":"","_et_pb_old_content":"","_et_gb_content_width":"","footnotes":""},"categories":[9,10],"tags":[],"class_list":["post-2616","post","type-post","status-publish","format-standard","has-post-thumbnail","hentry","category-agrupacions","category-banda-sinfonica"],"_links":{"self":[{"href":"https:\/\/www.lartesana.org\/es\/wp-json\/wp\/v2\/posts\/2616","targetHints":{"allow":["GET"]}}],"collection":[{"href":"https:\/\/www.lartesana.org\/es\/wp-json\/wp\/v2\/posts"}],"about":[{"href":"https:\/\/www.lartesana.org\/es\/wp-json\/wp\/v2\/types\/post"}],"author":[{"embeddable":true,"href":"https:\/\/www.lartesana.org\/es\/wp-json\/wp\/v2\/users\/3"}],"replies":[{"embeddable":true,"href":"https:\/\/www.lartesana.org\/es\/wp-json\/wp\/v2\/comments?post=2616"}],"version-history":[{"count":6,"href":"https:\/\/www.lartesana.org\/es\/wp-json\/wp\/v2\/posts\/2616\/revisions"}],"predecessor-version":[{"id":2622,"href":"https:\/\/www.lartesana.org\/es\/wp-json\/wp\/v2\/posts\/2616\/revisions\/2622"}],"wp:featuredmedia":[{"embeddable":true,"href":"https:\/\/www.lartesana.org\/es\/wp-json\/wp\/v2\/media\/2605"}],"wp:attachment":[{"href":"https:\/\/www.lartesana.org\/es\/wp-json\/wp\/v2\/media?parent=2616"}],"wp:term":[{"taxonomy":"category","embeddable":true,"href":"https:\/\/www.lartesana.org\/es\/wp-json\/wp\/v2\/categories?post=2616"},{"taxonomy":"post_tag","embeddable":true,"href":"https:\/\/www.lartesana.org\/es\/wp-json\/wp\/v2\/tags?post=2616"}],"curies":[{"name":"wp","href":"https:\/\/api.w.org\/{rel}","templated":true}]}}