{"id":2582,"date":"2020-11-24T19:27:00","date_gmt":"2020-11-24T18:27:00","guid":{"rendered":"https:\/\/www.lartesana.org\/?p=2582"},"modified":"2021-03-09T20:18:27","modified_gmt":"2021-03-09T19:18:27","slug":"concert-de-santa-cecilia-2020","status":"publish","type":"post","link":"https:\/\/www.lartesana.org\/es\/concert-de-santa-cecilia-2020\/","title":{"rendered":"Concert de Santa Cecilia 2020"},"content":{"rendered":"\n<p>Tot i que estem molt agra\u00efts al p\u00fablic que sempre ens fa costat, sabem que tant per la situaci\u00f3 actual com per altres motius, molta gent no pot assistir als concerts i actuacions que oferim. \u00c9s per aix\u00f2, que estrenem aquest canal de YouTube, on penjarem les actuacions de les diferents agrupacions de la nostra societat, per poder fer arribar la nostra m\u00fasica a tots aquells que no puguen gaudir-la en directe. Ja podeu veure el Concert de Santa Cec\u00edlia que va tindre lloc el d\u00eda 21 de novembre de 2020 al TAC Catarroja.<\/p>\n\n\n\n<p><a href=\"https:\/\/www.youtube.com\/watch?v=_zCBwEpwJ-4\">Clica per a veure el concert<\/a><\/p>\n","protected":false},"excerpt":{"rendered":"<p>Tot i que estem molt agra\u00efts al p\u00fablic que sempre ens fa costat, sabem que tant per la situaci\u00f3 actual com per altres motius, molta gent no pot assistir als concerts i actuacions que oferim. \u00c9s per aix\u00f2, que estrenem aquest canal de YouTube, on penjarem les actuacions de les diferents agrupacions de la nostra [&hellip;]<\/p>\n","protected":false},"author":3,"featured_media":1570,"comment_status":"open","ping_status":"open","sticky":false,"template":"","format":"standard","meta":{"_et_pb_use_builder":"","_et_pb_old_content":"","_et_gb_content_width":"","footnotes":""},"categories":[1,7],"tags":[],"class_list":["post-2582","post","type-post","status-publish","format-standard","has-post-thumbnail","hentry","category-sin-categorizar","category-societat"],"_links":{"self":[{"href":"https:\/\/www.lartesana.org\/es\/wp-json\/wp\/v2\/posts\/2582","targetHints":{"allow":["GET"]}}],"collection":[{"href":"https:\/\/www.lartesana.org\/es\/wp-json\/wp\/v2\/posts"}],"about":[{"href":"https:\/\/www.lartesana.org\/es\/wp-json\/wp\/v2\/types\/post"}],"author":[{"embeddable":true,"href":"https:\/\/www.lartesana.org\/es\/wp-json\/wp\/v2\/users\/3"}],"replies":[{"embeddable":true,"href":"https:\/\/www.lartesana.org\/es\/wp-json\/wp\/v2\/comments?post=2582"}],"version-history":[{"count":3,"href":"https:\/\/www.lartesana.org\/es\/wp-json\/wp\/v2\/posts\/2582\/revisions"}],"predecessor-version":[{"id":2596,"href":"https:\/\/www.lartesana.org\/es\/wp-json\/wp\/v2\/posts\/2582\/revisions\/2596"}],"wp:featuredmedia":[{"embeddable":true,"href":"https:\/\/www.lartesana.org\/es\/wp-json\/wp\/v2\/media\/1570"}],"wp:attachment":[{"href":"https:\/\/www.lartesana.org\/es\/wp-json\/wp\/v2\/media?parent=2582"}],"wp:term":[{"taxonomy":"category","embeddable":true,"href":"https:\/\/www.lartesana.org\/es\/wp-json\/wp\/v2\/categories?post=2582"},{"taxonomy":"post_tag","embeddable":true,"href":"https:\/\/www.lartesana.org\/es\/wp-json\/wp\/v2\/tags?post=2582"}],"curies":[{"name":"wp","href":"https:\/\/api.w.org\/{rel}","templated":true}]}}