{"id":2170,"date":"2017-09-02T13:26:11","date_gmt":"2017-09-02T11:26:11","guid":{"rendered":"https:\/\/www.lartesana.org\/?p=2170"},"modified":"2017-09-02T13:26:11","modified_gmt":"2017-09-02T11:26:11","slug":"concert-de-festes-i-comiat-del-nostre-director","status":"publish","type":"post","link":"https:\/\/www.lartesana.org\/es\/concert-de-festes-i-comiat-del-nostre-director\/","title":{"rendered":"Concert de festes i comiat del nostre director"},"content":{"rendered":"<div class=\"\" data-block=\"true\" data-editor=\"8d8ol\" data-offset-key=\"4o4po-0-0\">\n<div class=\"_1mf _1mj\" data-offset-key=\"4o4po-0-0\"><strong><span data-offset-key=\"4o4po-0-0\"><span data-text=\"true\">-Comunicat S.M L&#8217;Artesana de Catarroja-<\/span><\/span><\/strong><\/div>\n<\/div>\n<div class=\"\" data-block=\"true\" data-editor=\"8d8ol\" data-offset-key=\"210vk-0-0\">\n<div class=\"_1mf _1mj\" data-offset-key=\"210vk-0-0\"><span data-offset-key=\"210vk-0-0\">\u00a0<\/span><\/div>\n<\/div>\n<div class=\"\" data-block=\"true\" data-editor=\"8d8ol\" data-offset-key=\"6unbe-0-0\">\n<div class=\"_1mf _1mj\" data-offset-key=\"6unbe-0-0\"><span data-offset-key=\"6unbe-0-0\"><span data-text=\"true\">Despr\u00e9s del per\u00edode estival comencem un nou any musical en la nostra Artesana. El pr\u00f2xim 24 de setembre tindr\u00e0 lloc el concert emmarcat dins de les festes patronals de la nostra poblaci\u00f3 en honor a Sant Miquel Arc\u00e0ngel.<\/span><\/span><\/div>\n<\/div>\n<div class=\"\" data-block=\"true\" data-editor=\"8d8ol\" data-offset-key=\"cdnf1-0-0\">\n<div class=\"_1mf _1mj\" data-offset-key=\"cdnf1-0-0\"><span data-offset-key=\"cdnf1-0-0\">\u00a0<\/span><\/div>\n<\/div>\n<div class=\"\" data-block=\"true\" data-editor=\"8d8ol\" data-offset-key=\"476jd-0-0\">\n<div class=\"_1mf _1mj\" data-offset-key=\"476jd-0-0\"><span data-offset-key=\"476jd-0-0\"><span data-text=\"true\">Des de la Societat Musical L\u00b4Artesana volem comunicar que aquest concert ser\u00e0 l&#8217;\u00faltim per al nostre actual director, Enrique Sapi\u00f1a, concert que servir\u00e0 per a acomiadar-nos de qui ha estat durant aquests \u00faltims anys el nostre director titular i a qui tota la Banda i la Societat li est\u00e0 m\u00e9s que agra\u00eft, anys d&#8217;entrega professional i personal reflectits en cadascun dels \u00e8xits de la nostra societat.<\/span><\/span><\/div>\n<\/div>\n<div class=\"\" data-block=\"true\" data-editor=\"8d8ol\" data-offset-key=\"25ssi-0-0\">\n<div class=\"_1mf _1mj\" data-offset-key=\"25ssi-0-0\"><span data-offset-key=\"25ssi-0-0\">\u00a0<\/span><\/div>\n<\/div>\n<div class=\"\" data-block=\"true\" data-editor=\"8d8ol\" data-offset-key=\"740um-0-0\">\n<div class=\"_1mf _1mj\" data-offset-key=\"740um-0-0\"><span data-offset-key=\"740um-0-0\"><span data-text=\"true\">Aprofitem per a informar que des de ja estem treballant en el proc\u00e9s de selecci\u00f3 del nostre futur director titular.<\/span><\/span><\/div>\n<\/div>\n","protected":false},"excerpt":{"rendered":"<p>-Comunicat S.M L&#8217;Artesana de Catarroja- \u00a0 Despr\u00e9s del per\u00edode estival comencem un nou any musical en la nostra Artesana. El pr\u00f2xim 24 de setembre tindr\u00e0 lloc el concert emmarcat dins de les festes patronals de la nostra poblaci\u00f3 en honor a Sant Miquel Arc\u00e0ngel. \u00a0 Des de la Societat Musical L\u00b4Artesana volem comunicar que aquest [&hellip;]<\/p>\n","protected":false},"author":4,"featured_media":1570,"comment_status":"open","ping_status":"open","sticky":false,"template":"","format":"standard","meta":{"_et_pb_use_builder":"","_et_pb_old_content":"","_et_gb_content_width":"","footnotes":""},"categories":[9,10,7],"tags":[],"class_list":["post-2170","post","type-post","status-publish","format-standard","has-post-thumbnail","hentry","category-agrupacions","category-banda-sinfonica","category-societat"],"_links":{"self":[{"href":"https:\/\/www.lartesana.org\/es\/wp-json\/wp\/v2\/posts\/2170","targetHints":{"allow":["GET"]}}],"collection":[{"href":"https:\/\/www.lartesana.org\/es\/wp-json\/wp\/v2\/posts"}],"about":[{"href":"https:\/\/www.lartesana.org\/es\/wp-json\/wp\/v2\/types\/post"}],"author":[{"embeddable":true,"href":"https:\/\/www.lartesana.org\/es\/wp-json\/wp\/v2\/users\/4"}],"replies":[{"embeddable":true,"href":"https:\/\/www.lartesana.org\/es\/wp-json\/wp\/v2\/comments?post=2170"}],"version-history":[{"count":1,"href":"https:\/\/www.lartesana.org\/es\/wp-json\/wp\/v2\/posts\/2170\/revisions"}],"predecessor-version":[{"id":2171,"href":"https:\/\/www.lartesana.org\/es\/wp-json\/wp\/v2\/posts\/2170\/revisions\/2171"}],"wp:featuredmedia":[{"embeddable":true,"href":"https:\/\/www.lartesana.org\/es\/wp-json\/wp\/v2\/media\/1570"}],"wp:attachment":[{"href":"https:\/\/www.lartesana.org\/es\/wp-json\/wp\/v2\/media?parent=2170"}],"wp:term":[{"taxonomy":"category","embeddable":true,"href":"https:\/\/www.lartesana.org\/es\/wp-json\/wp\/v2\/categories?post=2170"},{"taxonomy":"post_tag","embeddable":true,"href":"https:\/\/www.lartesana.org\/es\/wp-json\/wp\/v2\/tags?post=2170"}],"curies":[{"name":"wp","href":"https:\/\/api.w.org\/{rel}","templated":true}]}}