{"id":2081,"date":"2017-07-11T12:03:30","date_gmt":"2017-07-11T10:03:30","guid":{"rendered":"https:\/\/www.lartesana.org\/?p=2081"},"modified":"2017-07-11T12:03:30","modified_gmt":"2017-07-11T10:03:30","slug":"concert-de-presentacio-de-la-musa-i-la-cambrera-1718","status":"publish","type":"post","link":"https:\/\/www.lartesana.org\/es\/concert-de-presentacio-de-la-musa-i-la-cambrera-1718\/","title":{"rendered":"Concert de presentaci\u00f3 de la Musa i la Cambrera 17\/18"},"content":{"rendered":"<p>El pr\u00f2xim<strong> dissabte dia 15<\/strong>, a partir de les <strong>20 hores<\/strong> i al <strong>TAC<\/strong>, se celebrar\u00e0 el concert de presentaci\u00f3\u00a0de la nova musa (Adelaida Moreno) i cambrera (Isabel Vila) de la Societat Musical l&#8217;Artesana de Catarroja.<\/p>\n<p>Vos esperem!<\/p>\n","protected":false},"excerpt":{"rendered":"<p>El pr\u00f2xim dissabte dia 15, a partir de les 20 hores i al TAC, se celebrar\u00e0 el concert de presentaci\u00f3\u00a0de la nova musa (Adelaida Moreno) i cambrera (Isabel Vila) de la Societat Musical l&#8217;Artesana de Catarroja. Vos esperem!<\/p>\n","protected":false},"author":4,"featured_media":2082,"comment_status":"open","ping_status":"open","sticky":false,"template":"","format":"standard","meta":{"_et_pb_use_builder":"","_et_pb_old_content":"","_et_gb_content_width":"","footnotes":""},"categories":[10,7],"tags":[],"class_list":["post-2081","post","type-post","status-publish","format-standard","has-post-thumbnail","hentry","category-banda-sinfonica","category-societat"],"_links":{"self":[{"href":"https:\/\/www.lartesana.org\/es\/wp-json\/wp\/v2\/posts\/2081","targetHints":{"allow":["GET"]}}],"collection":[{"href":"https:\/\/www.lartesana.org\/es\/wp-json\/wp\/v2\/posts"}],"about":[{"href":"https:\/\/www.lartesana.org\/es\/wp-json\/wp\/v2\/types\/post"}],"author":[{"embeddable":true,"href":"https:\/\/www.lartesana.org\/es\/wp-json\/wp\/v2\/users\/4"}],"replies":[{"embeddable":true,"href":"https:\/\/www.lartesana.org\/es\/wp-json\/wp\/v2\/comments?post=2081"}],"version-history":[{"count":1,"href":"https:\/\/www.lartesana.org\/es\/wp-json\/wp\/v2\/posts\/2081\/revisions"}],"predecessor-version":[{"id":2083,"href":"https:\/\/www.lartesana.org\/es\/wp-json\/wp\/v2\/posts\/2081\/revisions\/2083"}],"wp:featuredmedia":[{"embeddable":true,"href":"https:\/\/www.lartesana.org\/es\/wp-json\/wp\/v2\/media\/2082"}],"wp:attachment":[{"href":"https:\/\/www.lartesana.org\/es\/wp-json\/wp\/v2\/media?parent=2081"}],"wp:term":[{"taxonomy":"category","embeddable":true,"href":"https:\/\/www.lartesana.org\/es\/wp-json\/wp\/v2\/categories?post=2081"},{"taxonomy":"post_tag","embeddable":true,"href":"https:\/\/www.lartesana.org\/es\/wp-json\/wp\/v2\/tags?post=2081"}],"curies":[{"name":"wp","href":"https:\/\/api.w.org\/{rel}","templated":true}]}}