{"id":2046,"date":"2017-06-15T20:15:49","date_gmt":"2017-06-15T18:15:49","guid":{"rendered":"https:\/\/www.lartesana.org\/?p=2046"},"modified":"2017-06-15T20:15:49","modified_gmt":"2017-06-15T18:15:49","slug":"concert-didactic-per-a-les-escoles","status":"publish","type":"post","link":"https:\/\/www.lartesana.org\/es\/concert-didactic-per-a-les-escoles\/","title":{"rendered":"Concert did\u00e0ctic per a les escoles"},"content":{"rendered":"<div class=\"\" data-block=\"true\" data-editor=\"8tttc\" data-offset-key=\"3kdhn-0-0\">\n<div class=\"_1mf _1mj\" data-offset-key=\"3kdhn-0-0\"><span data-offset-key=\"3kdhn-0-0\"><span data-text=\"true\">El dijous 15 de juny de 2017,<strong> l&#8217;Artesana de Catarroja<\/strong> ha oferit un meravell\u00f3s <strong>concert did\u00e0ctic<\/strong> amb el qual\u00a0ha fet gaudir als alumnes m\u00e9s menudets de totes les escoles de Catarroja.\u00a0<\/span><\/span>Ac\u00ed, la galeria fotogr\u00e0fica amb les millors imatges d&#8217;un mat\u00ed inoblidable:<div class=\"et_pb_slider et_pb_slider_fullwidth_off et_pb_gallery_post_type\">\n\t\t\t\t<div class=\"et_pb_slides\">\n\t\t\t\t\t<div class=\"et_pb_slide\" style=\"background: url(https:\/\/www.lartesana.org\/wp-content\/uploads\/2017\/06\/DSC_0388-e1497550245661.jpg);\"><\/div><div class=\"et_pb_slide\" style=\"background: url(https:\/\/www.lartesana.org\/wp-content\/uploads\/2017\/06\/DSC_0389.jpg);\"><\/div><div class=\"et_pb_slide\" style=\"background: url(https:\/\/www.lartesana.org\/wp-content\/uploads\/2017\/06\/DSC_0393.jpg);\"><\/div><div class=\"et_pb_slide\" style=\"background: url(https:\/\/www.lartesana.org\/wp-content\/uploads\/2017\/06\/DSC_0395.jpg);\"><\/div><div class=\"et_pb_slide\" style=\"background: url(https:\/\/www.lartesana.org\/wp-content\/uploads\/2017\/06\/DSC_0444.jpg);\"><\/div><div class=\"et_pb_slide\" style=\"background: url(https:\/\/www.lartesana.org\/wp-content\/uploads\/2017\/06\/DSC_0447.jpg);\"><\/div><div class=\"et_pb_slide\" style=\"background: url(https:\/\/www.lartesana.org\/wp-content\/uploads\/2017\/06\/DSC_0448.jpg);\"><\/div><div class=\"et_pb_slide\" style=\"background: url(https:\/\/www.lartesana.org\/wp-content\/uploads\/2017\/06\/DSC_0449.jpg);\"><\/div><div class=\"et_pb_slide\" style=\"background: url(https:\/\/www.lartesana.org\/wp-content\/uploads\/2017\/06\/DSC_0450.jpg);\"><\/div><div class=\"et_pb_slide\" style=\"background: url(https:\/\/www.lartesana.org\/wp-content\/uploads\/2017\/06\/DSC_0456.jpg);\"><\/div><div class=\"et_pb_slide\" style=\"background: url(https:\/\/www.lartesana.org\/wp-content\/uploads\/2017\/06\/DSC_0457.jpg);\"><\/div><div class=\"et_pb_slide\" style=\"background: url(https:\/\/www.lartesana.org\/wp-content\/uploads\/2017\/06\/DSC_0458-e1497550457260.jpg);\"><\/div><div class=\"et_pb_slide\" style=\"background: url(https:\/\/www.lartesana.org\/wp-content\/uploads\/2017\/06\/DSC_0460.jpg);\"><\/div><div class=\"et_pb_slide\" style=\"background: url(https:\/\/www.lartesana.org\/wp-content\/uploads\/2017\/06\/DSC_0464.jpg);\"><\/div><div class=\"et_pb_slide\" style=\"background: url(https:\/\/www.lartesana.org\/wp-content\/uploads\/2017\/06\/DSC_0465.jpg);\"><\/div><div class=\"et_pb_slide\" style=\"background: url(https:\/\/www.lartesana.org\/wp-content\/uploads\/2017\/06\/DSC_0467.jpg);\"><\/div><div class=\"et_pb_slide\" style=\"background: url(https:\/\/www.lartesana.org\/wp-content\/uploads\/2017\/06\/DSC_0469.jpg);\"><\/div><div class=\"et_pb_slide\" style=\"background: url(https:\/\/www.lartesana.org\/wp-content\/uploads\/2017\/06\/DSC_0471.jpg);\"><\/div><div class=\"et_pb_slide\" style=\"background: url(https:\/\/www.lartesana.org\/wp-content\/uploads\/2017\/06\/DSC_0494.jpg);\"><\/div><div class=\"et_pb_slide\" style=\"background: url(https:\/\/www.lartesana.org\/wp-content\/uploads\/2017\/06\/DSC_0495.jpg);\"><\/div><div class=\"et_pb_slide\" style=\"background: url(https:\/\/www.lartesana.org\/wp-content\/uploads\/2017\/06\/DSC_0498.jpg);\"><\/div><div class=\"et_pb_slide\" style=\"background: url(https:\/\/www.lartesana.org\/wp-content\/uploads\/2017\/06\/DSC_0499.jpg);\"><\/div><div class=\"et_pb_slide\" style=\"background: url(https:\/\/www.lartesana.org\/wp-content\/uploads\/2017\/06\/DSC_0500.jpg);\"><\/div><div class=\"et_pb_slide\" style=\"background: url(https:\/\/www.lartesana.org\/wp-content\/uploads\/2017\/06\/DSC_0517.jpg);\"><\/div><div class=\"et_pb_slide\" style=\"background: url(https:\/\/www.lartesana.org\/wp-content\/uploads\/2017\/06\/DSC_0519.jpg);\"><\/div><div class=\"et_pb_slide\" style=\"background: url(https:\/\/www.lartesana.org\/wp-content\/uploads\/2017\/06\/DSC_0522.jpg);\"><\/div><div class=\"et_pb_slide\" style=\"background: url(https:\/\/www.lartesana.org\/wp-content\/uploads\/2017\/06\/DSC_0523.jpg);\"><\/div><div class=\"et_pb_slide\" style=\"background: url(https:\/\/www.lartesana.org\/wp-content\/uploads\/2017\/06\/DSC_0524.jpg);\"><\/div><div class=\"et_pb_slide\" style=\"background: url(https:\/\/www.lartesana.org\/wp-content\/uploads\/2017\/06\/DSC_0529.jpg);\"><\/div>\n\t\t\t\t<\/div>\n\t\t\t<\/div><\/p>\n<\/div>\n<\/div>\n","protected":false},"excerpt":{"rendered":"<p>El dijous 15 de juny de 2017, l&#8217;Artesana de Catarroja ha oferit un meravell\u00f3s concert did\u00e0ctic amb el qual\u00a0ha fet gaudir als alumnes m\u00e9s menudets de totes les escoles de Catarroja.\u00a0Ac\u00ed, la galeria fotogr\u00e0fica amb les millors imatges d&#8217;un mat\u00ed inoblidable:<\/p>\n","protected":false},"author":4,"featured_media":2048,"comment_status":"open","ping_status":"open","sticky":false,"template":"","format":"standard","meta":{"_et_pb_use_builder":"","_et_pb_old_content":"","_et_gb_content_width":"","footnotes":""},"categories":[10],"tags":[],"class_list":["post-2046","post","type-post","status-publish","format-standard","has-post-thumbnail","hentry","category-banda-sinfonica"],"_links":{"self":[{"href":"https:\/\/www.lartesana.org\/es\/wp-json\/wp\/v2\/posts\/2046","targetHints":{"allow":["GET"]}}],"collection":[{"href":"https:\/\/www.lartesana.org\/es\/wp-json\/wp\/v2\/posts"}],"about":[{"href":"https:\/\/www.lartesana.org\/es\/wp-json\/wp\/v2\/types\/post"}],"author":[{"embeddable":true,"href":"https:\/\/www.lartesana.org\/es\/wp-json\/wp\/v2\/users\/4"}],"replies":[{"embeddable":true,"href":"https:\/\/www.lartesana.org\/es\/wp-json\/wp\/v2\/comments?post=2046"}],"version-history":[{"count":1,"href":"https:\/\/www.lartesana.org\/es\/wp-json\/wp\/v2\/posts\/2046\/revisions"}],"predecessor-version":[{"id":2076,"href":"https:\/\/www.lartesana.org\/es\/wp-json\/wp\/v2\/posts\/2046\/revisions\/2076"}],"wp:featuredmedia":[{"embeddable":true,"href":"https:\/\/www.lartesana.org\/es\/wp-json\/wp\/v2\/media\/2048"}],"wp:attachment":[{"href":"https:\/\/www.lartesana.org\/es\/wp-json\/wp\/v2\/media?parent=2046"}],"wp:term":[{"taxonomy":"category","embeddable":true,"href":"https:\/\/www.lartesana.org\/es\/wp-json\/wp\/v2\/categories?post=2046"},{"taxonomy":"post_tag","embeddable":true,"href":"https:\/\/www.lartesana.org\/es\/wp-json\/wp\/v2\/tags?post=2046"}],"curies":[{"name":"wp","href":"https:\/\/api.w.org\/{rel}","templated":true}]}}