{"id":10118,"date":"2026-01-28T00:54:37","date_gmt":"2026-01-27T23:54:37","guid":{"rendered":"https:\/\/www.lartesana.org\/?p=10118"},"modified":"2026-01-28T00:58:04","modified_gmt":"2026-01-27T23:58:04","slug":"nota-necrologica","status":"publish","type":"post","link":"https:\/\/www.lartesana.org\/es\/nota-necrologica\/","title":{"rendered":"Nota Necrol\u00f3gica"},"content":{"rendered":"\n<p>Desde la <strong>Sociedad Musical L\u2019Artesana de Catarroja<\/strong> queremos expresar nuestro m\u00e1s profundo pesar por la defunci\u00f3n de <strong>Juan Guillem Zacar\u00e9s<\/strong>.<\/p>\n\n\n\n<p>Nos deja uno de los presidentes m\u00e1s representativos, comprometidos y fundamentales en la historia de esta centenaria Sociedad Musical. Juan fue una figura clave, un presidente que siempre llev\u00f3 muy presente \u2014y en lo m\u00e1s profundo de su coraz\u00f3n\u2014 el nombre de nuestra querida Artesana, defendiendo y cuidando su legado con orgullo y dedicaci\u00f3n.<\/p>\n\n\n\n<p>Hoy despedimos a una persona muy querida por todos. Era habitual encontrarse con Juan por las calles de nuestro pueblo y, en cada encuentro, siempre encontraba tiempo para compartir conversaci\u00f3n, recuerdos y reflexiones sobre la historia y el d\u00eda a d\u00eda de la que siempre fue <em>su<\/em> Sociedad Musical. L\u2019Artesana fue, hasta el \u00faltimo d\u00eda, una parte inseparable de su vida, una instituci\u00f3n de la que quiso formar parte y a la que permaneci\u00f3 ligado con una entrega constante y sincera.<\/p>\n\n\n\n<p>Desde la Sociedad Musical L\u2019Artesana queremos sumarnos al dolor de sus familiares y trasladar nuestro m\u00e1s sentido p\u00e9same, muy especialmente a sus hijos <strong>Carmen, Juana y Juanjo Guillem Piqueras<\/strong>, m\u00fasicos de nuestra Banda Sinf\u00f3nica.<\/p>\n\n\n\n<p>Solo podemos expresar palabras de agradecimiento por todo el trabajo, el esfuerzo y el cari\u00f1o que Juan Guillem Zacar\u00e9s dedic\u00f3 a esta Sociedad y a todos los que hoy formamos parte de ella. Su recuerdo y su ejemplo permanecer\u00e1n siempre vivos en L\u2019Artesana.<\/p>\n\n\n\n<p>Descanse en paz.<\/p>\n\n\n\n<figure class=\"wp-block-gallery has-nested-images columns-default is-cropped wp-block-gallery-1 is-layout-flex wp-block-gallery-is-layout-flex\">\n<figure class=\"wp-block-image size-large\"><img loading=\"lazy\" decoding=\"async\" width=\"879\" height=\"971\" data-id=\"10116\" src=\"https:\/\/www.lartesana.org\/wp-content\/uploads\/2026\/01\/0-juan-guillem-zacares-foto-homenaje-.jpg\" alt=\"\" class=\"wp-image-10116\" srcset=\"https:\/\/www.lartesana.org\/wp-content\/uploads\/2026\/01\/0-juan-guillem-zacares-foto-homenaje-.jpg 879w, https:\/\/www.lartesana.org\/wp-content\/uploads\/2026\/01\/0-juan-guillem-zacares-foto-homenaje--480x530.jpg 480w\" sizes=\"(min-width: 0px) and (max-width: 480px) 480px, (min-width: 481px) 879px, 100vw\" \/><\/figure>\n\n\n\n<figure class=\"wp-block-image size-large\"><img loading=\"lazy\" decoding=\"async\" width=\"531\" height=\"531\" data-id=\"10114\" src=\"https:\/\/www.lartesana.org\/wp-content\/uploads\/2026\/01\/0-FOTO-ESCUT-LUTO622075433_1479697394160890_158302033656593071_n.jpg\" alt=\"\" class=\"wp-image-10114\" srcset=\"https:\/\/www.lartesana.org\/wp-content\/uploads\/2026\/01\/0-FOTO-ESCUT-LUTO622075433_1479697394160890_158302033656593071_n.jpg 531w, https:\/\/www.lartesana.org\/wp-content\/uploads\/2026\/01\/0-FOTO-ESCUT-LUTO622075433_1479697394160890_158302033656593071_n-480x480.jpg 480w\" sizes=\"(min-width: 0px) and (max-width: 480px) 480px, (min-width: 481px) 531px, 100vw\" \/><\/figure>\n<\/figure>\n","protected":false},"excerpt":{"rendered":"<p>Desde la Sociedad Musical L\u2019Artesana de Catarroja queremos expresar nuestro m\u00e1s profundo pesar por la defunci\u00f3n de Juan Guillem Zacar\u00e9s. Nos deja uno de los presidentes m\u00e1s representativos, comprometidos y fundamentales en la historia de esta centenaria Sociedad Musical. Juan fue una figura clave, un presidente que siempre llev\u00f3 muy presente \u2014y en lo m\u00e1s [&hellip;]<\/p>\n","protected":false},"author":3,"featured_media":0,"comment_status":"closed","ping_status":"closed","sticky":true,"template":"","format":"standard","meta":{"_et_pb_use_builder":"off","_et_pb_old_content":"","_et_gb_content_width":"","footnotes":""},"categories":[42],"tags":[],"class_list":["post-10118","post","type-post","status-publish","format-standard","hentry","category-societat-2-es"],"_links":{"self":[{"href":"https:\/\/www.lartesana.org\/es\/wp-json\/wp\/v2\/posts\/10118","targetHints":{"allow":["GET"]}}],"collection":[{"href":"https:\/\/www.lartesana.org\/es\/wp-json\/wp\/v2\/posts"}],"about":[{"href":"https:\/\/www.lartesana.org\/es\/wp-json\/wp\/v2\/types\/post"}],"author":[{"embeddable":true,"href":"https:\/\/www.lartesana.org\/es\/wp-json\/wp\/v2\/users\/3"}],"replies":[{"embeddable":true,"href":"https:\/\/www.lartesana.org\/es\/wp-json\/wp\/v2\/comments?post=10118"}],"version-history":[{"count":1,"href":"https:\/\/www.lartesana.org\/es\/wp-json\/wp\/v2\/posts\/10118\/revisions"}],"predecessor-version":[{"id":10119,"href":"https:\/\/www.lartesana.org\/es\/wp-json\/wp\/v2\/posts\/10118\/revisions\/10119"}],"wp:attachment":[{"href":"https:\/\/www.lartesana.org\/es\/wp-json\/wp\/v2\/media?parent=10118"}],"wp:term":[{"taxonomy":"category","embeddable":true,"href":"https:\/\/www.lartesana.org\/es\/wp-json\/wp\/v2\/categories?post=10118"},{"taxonomy":"post_tag","embeddable":true,"href":"https:\/\/www.lartesana.org\/es\/wp-json\/wp\/v2\/tags?post=10118"}],"curies":[{"name":"wp","href":"https:\/\/api.w.org\/{rel}","templated":true}]}}